{"id":6351,"date":"2026-09-02T14:14:44","date_gmt":"2026-09-02T12:14:44","guid":{"rendered":"https:\/\/lappland2030.se\/?p=6351"},"modified":"2026-09-02T14:14:44","modified_gmt":"2026-09-02T12:14:44","slug":"val2026","status":"publish","type":"post","link":"https:\/\/lappland2030.se\/en\/val2026\/","title":{"rendered":"What do the parties say about the future of Leaders?"},"content":{"rendered":"<div class=\"x14z9mp xat24cr x1lziwak x1vvkbs xtlvy1s x126k92a\">\n<div dir=\"auto\">\n<p class=\"isSelectedEnd\">Vad h\u00e4nder med Leader efter 2027? \ud83c\udf31<\/p>\n<p class=\"isSelectedEnd\">N\u00e4sta programperiod n\u00e4rmar sig och fr\u00e5gan om vilka f\u00f6ruts\u00e4ttningar Leader ska f\u00e5 fram\u00f6ver \u00e4r viktig f\u00f6r lokal utveckling i hela Sverige \u2013 inte minst f\u00f6r oss h\u00e4r i Lappland.<br \/>\nLokal Utveckling Sverige har st\u00e4llt fr\u00e5gor till de politiska partierna om hur de ser p\u00e5 Leader i n\u00e4sta programperiod.<\/p>\n<p class=\"isSelectedEnd\">How do the parties want Leader to develop? What role do they see for the leader method going forward? And what conditions do they want to provide for local development work?<\/p>\n<p class=\"isSelectedEnd\"><a href=\"https:\/\/lokalutvecklingsverige.se\/vad-tycker-vara-partier-om-leader-i-nasta-programperiod\/\" target=\"_blank\" rel=\"noopener\">\ud83d\udc49 <strong>L\u00e4s partiernas svar hos Lokal Utveckling Sverige.<\/strong><\/a><\/p>\n<p>F\u00f6r oss som arbetar med lokalt ledd utveckling \u00e4r det h\u00e4r en viktig fr\u00e5ga att f\u00f6lja. Leader bygger p\u00e5 att m\u00e4nniskor som bor och verkar p\u00e5 en plats f\u00e5r vara med och forma dess utveckling \u2013 tillsammans med ideell, privat och offentlig sektor.<\/p>\n<\/div>\n<\/div>","protected":false},"excerpt":{"rendered":"<p>How do the parties want Leader to develop? What role do they see for the leader method going forward? And what conditions do they want to provide for local development work?<\/p>","protected":false},"author":13,"featured_media":6352,"comment_status":"closed","ping_status":"closed","sticky":false,"template":"","format":"standard","meta":{"_acf_changed":false,"_et_pb_use_builder":"","_et_pb_old_content":"","_et_gb_content_width":"","footnotes":"","_links_to":"","_links_to_target":""},"categories":[1],"tags":[],"class_list":["post-6351","post","type-post","status-publish","format-standard","has-post-thumbnail","hentry","category-nyheter"],"acf":[],"yoast_head":"<!-- This site is optimized with the Yoast SEO plugin v28.2 - https:\/\/yoast.com\/product\/yoast-seo-wordpress\/ -->\n<title>Vad s\u00e4ger partierna om Leaders framtid?<\/title>\n<meta name=\"robots\" content=\"index, follow, max-snippet:-1, max-image-preview:large, max-video-preview:-1\" \/>\n<link rel=\"canonical\" href=\"https:\/\/lappland2030.se\/en\/val2026\/\" \/>\n<meta property=\"og:locale\" content=\"en_US\" \/>\n<meta property=\"og:type\" content=\"article\" \/>\n<meta property=\"og:title\" content=\"Vad s\u00e4ger partierna om Leaders framtid?\" \/>\n<meta property=\"og:description\" content=\"Hur vill partierna att Leader ska utvecklas? Vilken roll ser de f\u00f6r leadermetoden fram\u00f6ver? Och vilka f\u00f6ruts\u00e4ttningar vill de ge det lokala utvecklingsarbetet?\" \/>\n<meta property=\"og:url\" content=\"https:\/\/lappland2030.se\/en\/val2026\/\" \/>\n<meta property=\"og:site_name\" content=\"Leader Lappland 2030\" \/>\n<meta property=\"article:publisher\" content=\"https:\/\/www.facebook.com\/leaderlappland\/\" \/>\n<meta property=\"article:published_time\" content=\"2026-09-02T12:14:44+00:00\" \/>\n<meta property=\"og:image\" content=\"https:\/\/lappland2030.se\/wp-content\/uploads\/sites\/13\/2026\/09\/Val2026.png\" \/>\n\t<meta property=\"og:image:width\" content=\"540\" \/>\n\t<meta property=\"og:image:height\" content=\"420\" \/>\n\t<meta property=\"og:image:type\" content=\"image\/png\" \/>\n<meta name=\"author\" content=\"Sophie\" \/>\n<meta name=\"twitter:card\" content=\"summary_large_image\" \/>\n<meta name=\"twitter:label1\" content=\"Written by\" \/>\n\t<meta name=\"twitter:data1\" content=\"Sophie\" \/>\n\t<meta name=\"twitter:label2\" content=\"Est. reading time\" \/>\n\t<meta name=\"twitter:data2\" content=\"1 minute\" \/>\n<script type=\"application\/ld+json\" class=\"yoast-schema-graph\">{\"@context\":\"https:\\\/\\\/schema.org\",\"@graph\":[{\"@type\":\"Article\",\"@id\":\"https:\\\/\\\/lappland2030.se\\\/val2026\\\/#article\",\"isPartOf\":{\"@id\":\"https:\\\/\\\/lappland2030.se\\\/val2026\\\/\"},\"author\":{\"name\":\"Sophie\",\"@id\":\"https:\\\/\\\/lappland2030.se\\\/#\\\/schema\\\/person\\\/f9ae11a97de1367b76ea8bfb7d94d7ea\"},\"headline\":\"Vad s\u00e4ger partierna om Leaders framtid?\",\"datePublished\":\"2026-09-02T12:14:44+00:00\",\"mainEntityOfPage\":{\"@id\":\"https:\\\/\\\/lappland2030.se\\\/val2026\\\/\"},\"wordCount\":155,\"image\":{\"@id\":\"https:\\\/\\\/lappland2030.se\\\/val2026\\\/#primaryimage\"},\"thumbnailUrl\":\"https:\\\/\\\/lappland2030.se\\\/wp-content\\\/uploads\\\/sites\\\/13\\\/2026\\\/09\\\/Val2026.png\",\"articleSection\":[\"Nyheter\"],\"inLanguage\":\"en-US\"},{\"@type\":\"WebPage\",\"@id\":\"https:\\\/\\\/lappland2030.se\\\/val2026\\\/\",\"url\":\"https:\\\/\\\/lappland2030.se\\\/val2026\\\/\",\"name\":\"Vad s\u00e4ger partierna om Leaders framtid?\",\"isPartOf\":{\"@id\":\"https:\\\/\\\/lappland2030.se\\\/#website\"},\"primaryImageOfPage\":{\"@id\":\"https:\\\/\\\/lappland2030.se\\\/val2026\\\/#primaryimage\"},\"image\":{\"@id\":\"https:\\\/\\\/lappland2030.se\\\/val2026\\\/#primaryimage\"},\"thumbnailUrl\":\"https:\\\/\\\/lappland2030.se\\\/wp-content\\\/uploads\\\/sites\\\/13\\\/2026\\\/09\\\/Val2026.png\",\"datePublished\":\"2026-09-02T12:14:44+00:00\",\"author\":{\"@id\":\"https:\\\/\\\/lappland2030.se\\\/#\\\/schema\\\/person\\\/f9ae11a97de1367b76ea8bfb7d94d7ea\"},\"breadcrumb\":{\"@id\":\"https:\\\/\\\/lappland2030.se\\\/val2026\\\/#breadcrumb\"},\"inLanguage\":\"en-US\",\"potentialAction\":[{\"@type\":\"ReadAction\",\"target\":[\"https:\\\/\\\/lappland2030.se\\\/val2026\\\/\"]}]},{\"@type\":\"ImageObject\",\"inLanguage\":\"en-US\",\"@id\":\"https:\\\/\\\/lappland2030.se\\\/val2026\\\/#primaryimage\",\"url\":\"https:\\\/\\\/lappland2030.se\\\/wp-content\\\/uploads\\\/sites\\\/13\\\/2026\\\/09\\\/Val2026.png\",\"contentUrl\":\"https:\\\/\\\/lappland2030.se\\\/wp-content\\\/uploads\\\/sites\\\/13\\\/2026\\\/09\\\/Val2026.png\",\"width\":540,\"height\":420},{\"@type\":\"BreadcrumbList\",\"@id\":\"https:\\\/\\\/lappland2030.se\\\/val2026\\\/#breadcrumb\",\"itemListElement\":[{\"@type\":\"ListItem\",\"position\":1,\"name\":\"Hem\",\"item\":\"https:\\\/\\\/lappland2030.se\\\/\"},{\"@type\":\"ListItem\",\"position\":2,\"name\":\"Vad s\u00e4ger partierna om Leaders framtid?\"}]},{\"@type\":\"WebSite\",\"@id\":\"https:\\\/\\\/lappland2030.se\\\/#website\",\"url\":\"https:\\\/\\\/lappland2030.se\\\/\",\"name\":\"Leader Lappland 2030\",\"description\":\"Tillsammans f\u00e5r vi landsbygden att leva\",\"potentialAction\":[{\"@type\":\"SearchAction\",\"target\":{\"@type\":\"EntryPoint\",\"urlTemplate\":\"https:\\\/\\\/lappland2030.se\\\/?s={search_term_string}\"},\"query-input\":{\"@type\":\"PropertyValueSpecification\",\"valueRequired\":true,\"valueName\":\"search_term_string\"}}],\"inLanguage\":\"en-US\"},{\"@type\":\"Person\",\"@id\":\"https:\\\/\\\/lappland2030.se\\\/#\\\/schema\\\/person\\\/f9ae11a97de1367b76ea8bfb7d94d7ea\",\"name\":\"Sophie\",\"image\":{\"@type\":\"ImageObject\",\"inLanguage\":\"en-US\",\"@id\":\"https:\\\/\\\/secure.gravatar.com\\\/avatar\\\/2515e16a992b4d099c5c1a765cec9146d02609cc536ed5eac886c6b9fc27f3f3?s=96&d=mm&r=g\",\"url\":\"https:\\\/\\\/secure.gravatar.com\\\/avatar\\\/2515e16a992b4d099c5c1a765cec9146d02609cc536ed5eac886c6b9fc27f3f3?s=96&d=mm&r=g\",\"contentUrl\":\"https:\\\/\\\/secure.gravatar.com\\\/avatar\\\/2515e16a992b4d099c5c1a765cec9146d02609cc536ed5eac886c6b9fc27f3f3?s=96&d=mm&r=g\",\"caption\":\"Sophie\"}}]}<\/script>\n<!-- \/ Yoast SEO plugin. -->","yoast_head_json":{"title":"What do the parties say about the future of Leaders?","robots":{"index":"index","follow":"follow","max-snippet":"max-snippet:-1","max-image-preview":"max-image-preview:large","max-video-preview":"max-video-preview:-1"},"canonical":"https:\/\/lappland2030.se\/en\/val2026\/","og_locale":"en_US","og_type":"article","og_title":"Vad s\u00e4ger partierna om Leaders framtid?","og_description":"Hur vill partierna att Leader ska utvecklas? Vilken roll ser de f\u00f6r leadermetoden fram\u00f6ver? Och vilka f\u00f6ruts\u00e4ttningar vill de ge det lokala utvecklingsarbetet?","og_url":"https:\/\/lappland2030.se\/en\/val2026\/","og_site_name":"Leader Lappland 2030","article_publisher":"https:\/\/www.facebook.com\/leaderlappland\/","article_published_time":"2026-09-02T12:14:44+00:00","og_image":[{"width":540,"height":420,"url":"https:\/\/lappland2030.se\/wp-content\/uploads\/sites\/13\/2026\/09\/Val2026.png","type":"image\/png"}],"author":"Sophie","twitter_card":"summary_large_image","twitter_misc":{"Written by":"Sophie","Est. reading time":"1 minute"},"schema":{"@context":"https:\/\/schema.org","@graph":[{"@type":"Article","@id":"https:\/\/lappland2030.se\/val2026\/#article","isPartOf":{"@id":"https:\/\/lappland2030.se\/val2026\/"},"author":{"name":"Sophie","@id":"https:\/\/lappland2030.se\/#\/schema\/person\/f9ae11a97de1367b76ea8bfb7d94d7ea"},"headline":"Vad s\u00e4ger partierna om Leaders framtid?","datePublished":"2026-09-02T12:14:44+00:00","mainEntityOfPage":{"@id":"https:\/\/lappland2030.se\/val2026\/"},"wordCount":155,"image":{"@id":"https:\/\/lappland2030.se\/val2026\/#primaryimage"},"thumbnailUrl":"https:\/\/lappland2030.se\/wp-content\/uploads\/sites\/13\/2026\/09\/Val2026.png","articleSection":["Nyheter"],"inLanguage":"en-US"},{"@type":"WebPage","@id":"https:\/\/lappland2030.se\/val2026\/","url":"https:\/\/lappland2030.se\/val2026\/","name":"What do the parties say about the future of Leaders?","isPartOf":{"@id":"https:\/\/lappland2030.se\/#website"},"primaryImageOfPage":{"@id":"https:\/\/lappland2030.se\/val2026\/#primaryimage"},"image":{"@id":"https:\/\/lappland2030.se\/val2026\/#primaryimage"},"thumbnailUrl":"https:\/\/lappland2030.se\/wp-content\/uploads\/sites\/13\/2026\/09\/Val2026.png","datePublished":"2026-09-02T12:14:44+00:00","author":{"@id":"https:\/\/lappland2030.se\/#\/schema\/person\/f9ae11a97de1367b76ea8bfb7d94d7ea"},"breadcrumb":{"@id":"https:\/\/lappland2030.se\/val2026\/#breadcrumb"},"inLanguage":"en-US","potentialAction":[{"@type":"ReadAction","target":["https:\/\/lappland2030.se\/val2026\/"]}]},{"@type":"ImageObject","inLanguage":"en-US","@id":"https:\/\/lappland2030.se\/val2026\/#primaryimage","url":"https:\/\/lappland2030.se\/wp-content\/uploads\/sites\/13\/2026\/09\/Val2026.png","contentUrl":"https:\/\/lappland2030.se\/wp-content\/uploads\/sites\/13\/2026\/09\/Val2026.png","width":540,"height":420},{"@type":"BreadcrumbList","@id":"https:\/\/lappland2030.se\/val2026\/#breadcrumb","itemListElement":[{"@type":"ListItem","position":1,"name":"Hem","item":"https:\/\/lappland2030.se\/"},{"@type":"ListItem","position":2,"name":"Vad s\u00e4ger partierna om Leaders framtid?"}]},{"@type":"WebSite","@id":"https:\/\/lappland2030.se\/#website","url":"https:\/\/lappland2030.se\/","name":"Leader Lapland 2030","description":"Together we make the countryside live","potentialAction":[{"@type":"SearchAction","target":{"@type":"EntryPoint","urlTemplate":"https:\/\/lappland2030.se\/?s={search_term_string}"},"query-input":{"@type":"PropertyValueSpecification","valueRequired":true,"valueName":"search_term_string"}}],"inLanguage":"en-US"},{"@type":"Person","@id":"https:\/\/lappland2030.se\/#\/schema\/person\/f9ae11a97de1367b76ea8bfb7d94d7ea","name":"Sophie","image":{"@type":"ImageObject","inLanguage":"en-US","@id":"https:\/\/secure.gravatar.com\/avatar\/2515e16a992b4d099c5c1a765cec9146d02609cc536ed5eac886c6b9fc27f3f3?s=96&d=mm&r=g","url":"https:\/\/secure.gravatar.com\/avatar\/2515e16a992b4d099c5c1a765cec9146d02609cc536ed5eac886c6b9fc27f3f3?s=96&d=mm&r=g","contentUrl":"https:\/\/secure.gravatar.com\/avatar\/2515e16a992b4d099c5c1a765cec9146d02609cc536ed5eac886c6b9fc27f3f3?s=96&d=mm&r=g","caption":"Sophie"}}]}},"_links":{"self":[{"href":"https:\/\/lappland2030.se\/en\/wp-json\/wp\/v2\/posts\/6351","targetHints":{"allow":["GET"]}}],"collection":[{"href":"https:\/\/lappland2030.se\/en\/wp-json\/wp\/v2\/posts"}],"about":[{"href":"https:\/\/lappland2030.se\/en\/wp-json\/wp\/v2\/types\/post"}],"author":[{"embeddable":true,"href":"https:\/\/lappland2030.se\/en\/wp-json\/wp\/v2\/users\/13"}],"replies":[{"embeddable":true,"href":"https:\/\/lappland2030.se\/en\/wp-json\/wp\/v2\/comments?post=6351"}],"version-history":[{"count":1,"href":"https:\/\/lappland2030.se\/en\/wp-json\/wp\/v2\/posts\/6351\/revisions"}],"predecessor-version":[{"id":6353,"href":"https:\/\/lappland2030.se\/en\/wp-json\/wp\/v2\/posts\/6351\/revisions\/6353"}],"wp:featuredmedia":[{"embeddable":true,"href":"https:\/\/lappland2030.se\/en\/wp-json\/wp\/v2\/media\/6352"}],"wp:attachment":[{"href":"https:\/\/lappland2030.se\/en\/wp-json\/wp\/v2\/media?parent=6351"}],"wp:term":[{"taxonomy":"category","embeddable":true,"href":"https:\/\/lappland2030.se\/en\/wp-json\/wp\/v2\/categories?post=6351"},{"taxonomy":"post_tag","embeddable":true,"href":"https:\/\/lappland2030.se\/en\/wp-json\/wp\/v2\/tags?post=6351"}],"curies":[{"name":"wp","href":"https:\/\/api.w.org\/{rel}","templated":true}]}}